{"id":4625,"date":"2025-09-16T10:27:39","date_gmt":"2025-09-16T10:27:39","guid":{"rendered":"https:\/\/centralsegur.com\/nueva-marca-central\/"},"modified":"2025-09-16T10:27:39","modified_gmt":"2025-09-16T10:27:39","slug":"nueva-marca-central","status":"publish","type":"post","link":"https:\/\/centralsegur.com\/ca\/nueva-marca-central\/","title":{"rendered":"Nova marca Central"},"content":{"rendered":"\n<p><strong><strong>Central<\/strong>,<\/strong> aquest \u00e9s el nom amb qu\u00e8 <a href=\"http:\/\/www.actelgrup.com\" class=\"rank-math-link\" target=\"_blank\" rel=\"noopener\">ActelGrup<\/a> denominar\u00e0 d\u2019ara endavant la seva Corredoria d\u2019Assegurances. Un nou nom i una nova imatge que reflecteix els valors del grup cooperatiu i que pret\u00e9n afrontar el futur amb m\u00e9s for\u00e7a.<\/p>\n\n\n\n<p>Central, fundada el 1987, ha estat i \u00e9s la corredoria de refer\u00e8ncia del sector agrari de la prov\u00edncia de Lleida, donant un servei personalitzat i integral als seus socis i especialitzada en tota mena d\u2019assegurances, orientada al servei a particulars, empreses i aut\u00f2noms, comptant en l\u2019actualitat amb una cartera de gaireb\u00e9 13.000 clients.<\/p>\n\n\n\n<p>Ara, Central inicia una nova etapa que anir\u00e0 acompanyada de la creaci\u00f3 d\u2019una p\u00e0gina web amb un enfocament m\u00e9s comercial i una imatge actualitzada i en qu\u00e8 els clients podran trobar les assegurances en promoci\u00f3 per a cada sector, aix\u00ed com el recull de totes les assegurances que ofereix i que es poden contractar a Central, sigui per a particulars o empreses i aut\u00f2noms, a m\u00e9s de tots els tipus d\u2019assegurances agr\u00e0ries: agr\u00edcoles, pecu\u00e0ries, aq\u00fc\u00edcoles i forestals. Una web m\u00e9s din\u00e0mica amb les eines i la informaci\u00f3 necess\u00e0ries en un sol clic.<\/p>\n\n\n\n<p>La pres\u00e8ncia a les xarxes socials, clau per fer arribar la informaci\u00f3 i les \u00faltimes novetats als clients de Central, \u00e9s una altra de les accions per les quals aposta l\u2019entitat. Aix\u00ed, LinkedIn \u00e9s el canal social que t\u00e9 en l\u2019actualitat i al qual se sumar\u00e0 la creaci\u00f3 de nous comptes a les xarxes de Facebook i Instagram i l\u2019enviament mensual de newsletters amb informaci\u00f3 sobre accions, novetats en el sector, productes i campanyes. Des d\u2019ActelGrup apostem per la proximitat amb els socis de les cooperatives i els clients oferint-los canals d\u2019informaci\u00f3 m\u00e9s propers i adaptats al moment digital en qu\u00e8 ens trobem actualment.<\/p>\n","protected":false},"excerpt":{"rendered":"<p>Central, aquest \u00e9s el nom amb qu\u00e8 ActelGrup denominar\u00e0 d\u2019ara endavant la seva Corredoria d\u2019Assegurances. Un nou nom i una nova imatge que reflecteix els valors del grup cooperatiu i que pret\u00e9n afrontar el futur amb m\u00e9s for\u00e7a. Central, fundada el 1987, ha estat i \u00e9s la corredoria de refer\u00e8ncia del [&hellip;]<\/p>\n","protected":false},"author":1,"featured_media":4626,"comment_status":"open","ping_status":"open","sticky":false,"template":"","format":"standard","meta":{"_monsterinsights_skip_tracking":false,"_monsterinsights_sitenote_active":false,"_monsterinsights_sitenote_note":"","_monsterinsights_sitenote_category":0,"footnotes":""},"categories":[47],"tags":[64,65],"class_list":["post-4625","post","type-post","status-publish","format-standard","has-post-thumbnail","hentry","category-noticies","tag-actelgrup-ca","tag-central-ca"],"_links":{"self":[{"href":"https:\/\/centralsegur.com\/ca\/wp-json\/wp\/v2\/posts\/4625","targetHints":{"allow":["GET"]}}],"collection":[{"href":"https:\/\/centralsegur.com\/ca\/wp-json\/wp\/v2\/posts"}],"about":[{"href":"https:\/\/centralsegur.com\/ca\/wp-json\/wp\/v2\/types\/post"}],"author":[{"embeddable":true,"href":"https:\/\/centralsegur.com\/ca\/wp-json\/wp\/v2\/users\/1"}],"replies":[{"embeddable":true,"href":"https:\/\/centralsegur.com\/ca\/wp-json\/wp\/v2\/comments?post=4625"}],"version-history":[{"count":2,"href":"https:\/\/centralsegur.com\/ca\/wp-json\/wp\/v2\/posts\/4625\/revisions"}],"predecessor-version":[{"id":4648,"href":"https:\/\/centralsegur.com\/ca\/wp-json\/wp\/v2\/posts\/4625\/revisions\/4648"}],"wp:featuredmedia":[{"embeddable":true,"href":"https:\/\/centralsegur.com\/ca\/wp-json\/wp\/v2\/media\/4626"}],"wp:attachment":[{"href":"https:\/\/centralsegur.com\/ca\/wp-json\/wp\/v2\/media?parent=4625"}],"wp:term":[{"taxonomy":"category","embeddable":true,"href":"https:\/\/centralsegur.com\/ca\/wp-json\/wp\/v2\/categories?post=4625"},{"taxonomy":"post_tag","embeddable":true,"href":"https:\/\/centralsegur.com\/ca\/wp-json\/wp\/v2\/tags?post=4625"}],"curies":[{"name":"wp","href":"https:\/\/api.w.org\/{rel}","templated":true}]}}